{"id":20779,"date":"2018-02-20T14:20:04","date_gmt":"2018-02-20T13:20:04","guid":{"rendered":"https:\/\/www.fotokasten.de\/blog\/?p=20779"},"modified":"2023-05-10T13:44:18","modified_gmt":"2023-05-10T11:44:18","slug":"welttag-des-designs-8-tipps-vom-profi-fuer-bessere-fotobuecher","status":"publish","type":"post","link":"https:\/\/www.fotokasten.de\/blog\/welttag-des-designs-8-tipps-vom-profi-fuer-bessere-fotobuecher\/","title":{"rendered":"8 Tipps vom Profi f\u00fcr bessere Fotob\u00fccher"},"content":{"rendered":"<p>Das richtige Design macht unser Leben sch\u00f6ner! Ohne die gro\u00dfartigen Designs, die unsere M\u00f6bel, Zeitschriften oder Kleidung versch\u00f6nern, w\u00e4re unsere Welt weniger bunt und in vielen Situationen einfach nur langweilig. Doch wer steckt hinter all den Formkompositionen und Farbenspielen? Heute meldet sich unsere Grafikdesignerin Caro zu Wort und verr\u00e4t Dir, wie Du dein Fotobuch noch stilsicherer gestalten kannst.<\/p>\n<p>Hier ihre 8 besten Tipps:<\/p>\n<h2><strong>1. Ein Fotobuch erz\u00e4hlt eine Geschichte<\/strong><\/h2>\n<p>Deshalb ist es besonders sch\u00f6n, wenn sich der Inhalt nur auf ein Ereignis beschr\u00e4nkt. Du solltest keinesfalls \u201eOmas 70. Geburtstag\u201c mit Deinem letzten Urlaub vermischen. Das schafft Unruhe und das Wesentliche wird vernachl\u00e4ssigt. Ausnahmen best\u00e4tigen die Regel: In einem <a href=\"https:\/\/www.fotokasten.de\/blog\/foto-jahrbuch-selber-erstellen\/\" target=\"_blank\" rel=\"noopener noreferrer\"><strong>Jahrbuch<\/strong><\/a> habe nat\u00fcrlich alle wichtigen Events des Jahres Platz.<\/p>\n<p><a href=\"https:\/\/www.fotokasten.de\/blog\/wp-content\/uploads\/sites\/3\/2016\/04\/1_Geschichte_.jpg\"><img decoding=\"async\" class=\" wp-image-20807 aligncenter\" src=\"https:\/\/www.fotokasten.de\/blog\/wp-content\/uploads\/sites\/3\/2016\/04\/1_Geschichte_.jpg\" alt=\"Designtag\" width=\"865\" height=\"531\" srcset=\"https:\/\/www.fotokasten.de\/blog\/wp-content\/uploads\/sites\/3\/2016\/04\/1_Geschichte_.jpg 1024w, https:\/\/www.fotokasten.de\/blog\/wp-content\/uploads\/sites\/3\/2016\/04\/1_Geschichte_-300x184.jpg 300w, https:\/\/www.fotokasten.de\/blog\/wp-content\/uploads\/sites\/3\/2016\/04\/1_Geschichte_-768x472.jpg 768w\" sizes=\"(max-width: 865px) 100vw, 865px\" \/><\/a><\/p>\n<p>&nbsp;<\/p>\n<h2><strong>2. Kapitel sorgen f\u00fcr \u00dcbersicht<\/strong><\/h2>\n<p>Wenn Du dich f\u00fcr eine komplette Geschichte entscheidest, lohnt es sich, Dein Fotobuch in <strong>mehrere Kapitel<\/strong> einzuteilen. Somit wird Dein Buch \u00fcbersichtlicher. Du kannst beispielsweise zeitlich oder nach speziellen Erlebnissen strukturieren.<a href=\"https:\/\/www.fotokasten.de\/blog\/wp-content\/uploads\/sites\/3\/2016\/04\/2_Kapitel.jpg\"><img decoding=\"async\" class=\"size-full wp-image-20809 aligncenter\" src=\"https:\/\/www.fotokasten.de\/blog\/wp-content\/uploads\/sites\/3\/2016\/04\/2_Kapitel.jpg\" alt=\"Fotobuch Design\" width=\"1441\" height=\"876\" srcset=\"https:\/\/www.fotokasten.de\/blog\/wp-content\/uploads\/sites\/3\/2016\/04\/2_Kapitel.jpg 1024w, https:\/\/www.fotokasten.de\/blog\/wp-content\/uploads\/sites\/3\/2016\/04\/2_Kapitel-300x183.jpg 300w, https:\/\/www.fotokasten.de\/blog\/wp-content\/uploads\/sites\/3\/2016\/04\/2_Kapitel-768x467.jpg 768w\" sizes=\"(max-width: 1441px) 100vw, 1441px\" \/><\/a><\/p>\n<p>&nbsp;<\/p>\n<h2><strong>3. Weniger ist oft mehr<\/strong><\/h2>\n<p>Auch in einem Fotobuch. \u00dcberlade Deine Seiten nicht mit Fotos oder Cliparts und w\u00e4hle gezielt <strong>nur die ausdrucksst\u00e4rksten und sch\u00f6nsten Bilder<\/strong> aus, anstatt die Seite mit zu vielen unterschiedlichen Aufnahmen zu f\u00fcllen. Eine<strong> Panoramaaufnahme<\/strong> eines Bilder \u00fcber eine Doppelseite zu ziehen, kann Dein Foto besonders ausdrucksstark wirken lassen.<\/p>\n<p><a href=\"https:\/\/www.fotokasten.de\/blog\/wp-content\/uploads\/sites\/3\/2016\/04\/3_Simple.jpg\"><img decoding=\"async\" class=\"alignnone size-full wp-image-20810\" src=\"https:\/\/www.fotokasten.de\/blog\/wp-content\/uploads\/sites\/3\/2016\/04\/3_Simple.jpg\" alt=\"\" width=\"1437\" height=\"886\" srcset=\"https:\/\/www.fotokasten.de\/blog\/wp-content\/uploads\/sites\/3\/2016\/04\/3_Simple.jpg 1024w, https:\/\/www.fotokasten.de\/blog\/wp-content\/uploads\/sites\/3\/2016\/04\/3_Simple-300x185.jpg 300w, https:\/\/www.fotokasten.de\/blog\/wp-content\/uploads\/sites\/3\/2016\/04\/3_Simple-768x473.jpg 768w\" sizes=\"(max-width: 1437px) 100vw, 1437px\" \/><\/a><\/p>\n<p>&nbsp;<\/p>\n<h2><strong>4. Die Mischung macht\u2019s<\/strong><\/h2>\n<p>Gestalte Dein Fotobuch interessanter, indem Du auf einer Seite Fotos in der Totale mit<strong> Detailbildern<\/strong> mischst.<\/p>\n<p><a href=\"https:\/\/www.fotokasten.de\/blog\/wp-content\/uploads\/sites\/3\/2016\/04\/4_Details.jpg\"><img decoding=\"async\" class=\"size-full wp-image-20811 aligncenter\" src=\"https:\/\/www.fotokasten.de\/blog\/wp-content\/uploads\/sites\/3\/2016\/04\/4_Details.jpg\" alt=\"\" width=\"1444\" height=\"874\" srcset=\"https:\/\/www.fotokasten.de\/blog\/wp-content\/uploads\/sites\/3\/2016\/04\/4_Details.jpg 1024w, https:\/\/www.fotokasten.de\/blog\/wp-content\/uploads\/sites\/3\/2016\/04\/4_Details-300x182.jpg 300w, https:\/\/www.fotokasten.de\/blog\/wp-content\/uploads\/sites\/3\/2016\/04\/4_Details-768x465.jpg 768w\" sizes=\"(max-width: 1444px) 100vw, 1444px\" \/><\/a><\/p>\n<p>&nbsp;<\/p>\n<h2><strong>5. Verwende Hilfslinien und Kanten<\/strong><\/h2>\n<p>Richte Deine Fotos an (unsichtbaren) Kanten aus. Unsere Online- &amp; Offline-Software hilft Dir mit <strong>Hilfslinien<\/strong> dabei, die richtigen Kanten zu w\u00e4hlen.<\/p>\n<p><a href=\"https:\/\/www.fotokasten.de\/blog\/wp-content\/uploads\/sites\/3\/2016\/04\/5_Hilflinien.jpg\"><img decoding=\"async\" class=\"size-full wp-image-20812 aligncenter\" src=\"https:\/\/www.fotokasten.de\/blog\/wp-content\/uploads\/sites\/3\/2016\/04\/5_Hilflinien.jpg\" alt=\"\" width=\"1483\" height=\"898\" srcset=\"https:\/\/www.fotokasten.de\/blog\/wp-content\/uploads\/sites\/3\/2016\/04\/5_Hilflinien.jpg 1024w, https:\/\/www.fotokasten.de\/blog\/wp-content\/uploads\/sites\/3\/2016\/04\/5_Hilflinien-300x182.jpg 300w, https:\/\/www.fotokasten.de\/blog\/wp-content\/uploads\/sites\/3\/2016\/04\/5_Hilflinien-768x465.jpg 768w\" sizes=\"(max-width: 1483px) 100vw, 1483px\" \/><\/a><\/p>\n<p>&nbsp;<\/p>\n<h2><\/h2>\n<h2><strong>6. M\u00f6glichkeiten f\u00fcr mehr Ruhe oder Dynamik<\/strong><\/h2>\n<p>Durch eine<strong> symmetrische Anordnung<\/strong> Deiner Fotos kannst Du viel Ruhe in Dein Fotobuch bringen. Das hei\u00dft, Du bildest auf der Seite die Fotos in der gleichen Gr\u00f6\u00dfe und im gleichen Format ab. Magst Du es hingegen eher <strong>dynamisch<\/strong>, kannst Du auf einigen Buchseiten mit einer asymmetrischen Anordnung f\u00fcr einen Hingucker sorgen.<\/p>\n<p><a href=\"https:\/\/www.fotokasten.de\/blog\/wp-content\/uploads\/sites\/3\/2016\/04\/6_Symmetrie.jpg\"><img decoding=\"async\" class=\"alignnone size-full wp-image-20813\" src=\"https:\/\/www.fotokasten.de\/blog\/wp-content\/uploads\/sites\/3\/2016\/04\/6_Symmetrie.jpg\" alt=\"\" width=\"1492\" height=\"898\" srcset=\"https:\/\/www.fotokasten.de\/blog\/wp-content\/uploads\/sites\/3\/2016\/04\/6_Symmetrie.jpg 1024w, https:\/\/www.fotokasten.de\/blog\/wp-content\/uploads\/sites\/3\/2016\/04\/6_Symmetrie-300x180.jpg 300w, https:\/\/www.fotokasten.de\/blog\/wp-content\/uploads\/sites\/3\/2016\/04\/6_Symmetrie-768x462.jpg 768w\" sizes=\"(max-width: 1492px) 100vw, 1492px\" \/><\/a><\/p>\n<p>&nbsp;<\/p>\n<h2><strong>7. Harmonische Farbkompositionen<\/strong><\/h2>\n<p>F\u00fcr ein <strong>harmonisches Farbbild<\/strong> auf Deiner Fotobuchseite sollten die Farben, die bereits in den Fotos vorkommen, aufgriffen werden. Hat Dein Foto zum Beispiel einen gro\u00dfen Braunanteil, verwende einen \u00e4hnlichen T\u00f6ne in Schriften, Rahmen oder im Hintergrund.<\/p>\n<p><a href=\"https:\/\/www.fotokasten.de\/blog\/wp-content\/uploads\/sites\/3\/2016\/04\/7_Farben.jpg\"><img decoding=\"async\" class=\"alignnone size-full wp-image-20814\" src=\"https:\/\/www.fotokasten.de\/blog\/wp-content\/uploads\/sites\/3\/2016\/04\/7_Farben.jpg\" alt=\"\" width=\"1441\" height=\"862\" srcset=\"https:\/\/www.fotokasten.de\/blog\/wp-content\/uploads\/sites\/3\/2016\/04\/7_Farben.jpg 1024w, https:\/\/www.fotokasten.de\/blog\/wp-content\/uploads\/sites\/3\/2016\/04\/7_Farben-300x180.jpg 300w, https:\/\/www.fotokasten.de\/blog\/wp-content\/uploads\/sites\/3\/2016\/04\/7_Farben-768x460.jpg 768w\" sizes=\"(max-width: 1441px) 100vw, 1441px\" \/><\/a><\/p>\n<p>&nbsp;<\/p>\n<h2><strong>8. Schwarz-wei\u00df als Hingucker<\/strong><\/h2>\n<p>Fotos in<strong> schwarz-wei\u00df<\/strong> sind nicht nur Hingucker in Deinem Fotobuch. Sie lassen die betreffende Seite auch besonders edel wirken und lockern das Fotobuch optisch auf.<\/p>\n<p><a href=\"https:\/\/www.fotokasten.de\/blog\/wp-content\/uploads\/sites\/3\/2016\/04\/8_Schwarz-weiss.jpg\"><img decoding=\"async\" class=\"alignnone size-full wp-image-20815\" src=\"https:\/\/www.fotokasten.de\/blog\/wp-content\/uploads\/sites\/3\/2016\/04\/8_Schwarz-weiss.jpg\" alt=\"\" width=\"1467\" height=\"898\" srcset=\"https:\/\/www.fotokasten.de\/blog\/wp-content\/uploads\/sites\/3\/2016\/04\/8_Schwarz-weiss.jpg 1024w, https:\/\/www.fotokasten.de\/blog\/wp-content\/uploads\/sites\/3\/2016\/04\/8_Schwarz-weiss-300x184.jpg 300w, https:\/\/www.fotokasten.de\/blog\/wp-content\/uploads\/sites\/3\/2016\/04\/8_Schwarz-weiss-768x470.jpg 768w\" sizes=\"(max-width: 1467px) 100vw, 1467px\" \/><\/a><\/p>\n<p>&nbsp;<\/p>\n<p>Ein schickes Cover geh\u00f6rt nat\u00fcrlich auch noch dazu. <strong><a href=\"https:\/\/www.fotokasten.de\/blog\/fotobuch-cover-ideen\/\" target=\"_blank\" rel=\"noopener noreferrer\">Tipps f\u00fcr spannende Fotobucher Cover gibt&#8217;s in unserem Artikel.<\/a><\/strong><\/p>\n<p><a href=\"https:\/\/www.fotokasten.de\/blog\/wp-content\/uploads\/sites\/3\/2018\/02\/2018-02-Oberstdorf-Fotobuch-20x20-1.jpg\"><img decoding=\"async\" class=\"alignnone size-full wp-image-20520\" src=\"https:\/\/www.fotokasten.de\/blog\/wp-content\/uploads\/sites\/3\/2018\/02\/2018-02-Oberstdorf-Fotobuch-20x20-1.jpg\" alt=\"Ideen Fotobuch\" width=\"645\" height=\"300\" srcset=\"https:\/\/www.fotokasten.de\/blog\/wp-content\/uploads\/sites\/3\/2018\/02\/2018-02-Oberstdorf-Fotobuch-20x20-1.jpg 645w, https:\/\/www.fotokasten.de\/blog\/wp-content\/uploads\/sites\/3\/2018\/02\/2018-02-Oberstdorf-Fotobuch-20x20-1-300x140.jpg 300w\" sizes=\"(max-width: 645px) 100vw, 645px\" \/><\/a><\/p>\n<p>&nbsp;<\/p>\n<p>Wir danken unserer Kollegin Caro f\u00fcr die tollen Tipps und nat\u00fcrlich allen Designern daf\u00fcr, dass sie unser Leben so sch\u00f6n bunt machen.<\/p>\n<p>&nbsp;<\/p>\n<h3>Welches ist Dein n\u00e4chstes Fotobuch?<\/h3>\n<div class=\"su-row\"><div class=\"su-column su-column-size-1-2\"><div class=\"su-column-inner su-u-clearfix su-u-trim\">\n<p><strong>Echtfotobuch 30 x 30 cm<\/strong><\/p>\n<p><a href=\"https:\/\/www.fotokasten.de\/echtfotobuch-30x30.html?utm_source=magazin&amp;utm_medium=stp&amp;utm_campaign=1803_Echtfotobuch\" target=\"_blank\" rel=\"noopener noreferrer\"><img decoding=\"async\" class=\"alignnone wp-image-14884\" title=\"Echtfotobuch von fotokasten\" src=\"https:\/\/www.fotokasten.de\/blog\/wp-content\/uploads\/sites\/3\/2016\/11\/echtfotobuch-hardcover-30x30-fotobuch-erstellen-glanz-892-f2-e1479397334192.png\" alt=\"fotobuch einfach\" width=\"350\" height=\"260\" srcset=\"https:\/\/www.fotokasten.de\/blog\/wp-content\/uploads\/sites\/3\/2016\/11\/echtfotobuch-hardcover-30x30-fotobuch-erstellen-glanz-892-f2-e1479397334192.png 1000w, https:\/\/www.fotokasten.de\/blog\/wp-content\/uploads\/sites\/3\/2016\/11\/echtfotobuch-hardcover-30x30-fotobuch-erstellen-glanz-892-f2-e1479397334192-300x223.png 300w, https:\/\/www.fotokasten.de\/blog\/wp-content\/uploads\/sites\/3\/2016\/11\/echtfotobuch-hardcover-30x30-fotobuch-erstellen-glanz-892-f2-e1479397334192-768x570.png 768w\" sizes=\"(max-width: 350px) 100vw, 350px\" \/><\/a><\/p>\n<p style=\"text-align: left\"><div class=\"su-button-center\"><a href=\"\/echtfotobuch-30x30.html?utm_source=magazin&#038;utm_medium=stp&#038;utm_campaign=1803_Echtfotobuch_Designtag_mag\" class=\"su-button su-button-style-default\" style=\"color:#FFFFFF;background-color:#2D89EF;border-color:#246ec0;border-radius:5px\" target=\"__blank\" title=\"Visit Site\"><span style=\"color:#FFFFFF;padding:0px 16px;font-size:13px;line-height:26px;border-color:#6cadf4;border-radius:5px;text-shadow:none\">  Zum Echtfotobuch <\/span><\/a><\/div>\n<\/div><\/div><div class=\"su-column su-column-size-1-2\"><div class=\"su-column-inner su-u-clearfix su-u-trim\">\n<p style=\"text-align: left\"><strong>Fotobuch A3 quer<\/strong><\/p>\n<p style=\"text-align: left\"><a href=\"https:\/\/www.fotokasten.de\/fotobuch\/hardcover\/a3-quer?utm_source=magazin&amp;utm_medium=stp&amp;utm_campaign=1705_FotobuchA3\" target=\"_blank\" rel=\"noopener noreferrer\"><img decoding=\"async\" class=\"alignnone wp-image-20508\" title=\"Fotobuch A3 von fotokasten\" src=\"https:\/\/www.fotokasten.de\/blog\/wp-content\/uploads\/sites\/3\/2018\/02\/fotobuch-hardcover-a4-quer-fotoalbum-gestalten-1028-f1_1.jpg\" alt=\"\" width=\"344\" height=\"258\" srcset=\"https:\/\/www.fotokasten.de\/blog\/wp-content\/uploads\/sites\/3\/2018\/02\/fotobuch-hardcover-a4-quer-fotoalbum-gestalten-1028-f1_1.jpg 300w, https:\/\/www.fotokasten.de\/blog\/wp-content\/uploads\/sites\/3\/2018\/02\/fotobuch-hardcover-a4-quer-fotoalbum-gestalten-1028-f1_1.jpg 480w\" sizes=\"(max-width: 344px) 100vw, 344px\" \/><\/a><\/p>\n<p style=\"text-align: left\"><div class=\"su-button-center\"><a href=\"\/fotobuch\/hardcover\/a3-quer?utm_source=magazin&#038;utm_medium=stp&#038;utm_campaign=1805_FotobuchA3_Designtag_mag\" class=\"su-button su-button-style-default\" style=\"color:#FFFFFF;background-color:#2D89EF;border-color:#246ec0;border-radius:5px\" target=\"__blank\" title=\"Visit Site\"><span style=\"color:#FFFFFF;padding:0px 16px;font-size:13px;line-height:26px;border-color:#6cadf4;border-radius:5px;text-shadow:none\"> Fotobuch entdecken<\/span><\/a><\/div>\n<\/div><\/div><\/div>\n","protected":false},"excerpt":{"rendered":"<p>Das richtige Design macht unser Leben sch\u00f6ner! Ohne die gro\u00dfartigen Designs, die unsere M\u00f6bel, Zeitschriften oder Kleidung versch\u00f6nern, w\u00e4re unsere Welt weniger bunt und in vielen Situationen einfach nur langweilig. Doch wer steckt hinter all den Formkompositionen und Farbenspielen? Heute meldet sich unsere Grafikdesignerin Caro zu Wort und verr\u00e4t Dir, wie Du dein Fotobuch noch [&hellip;]<\/p>\n","protected":false},"author":2,"featured_media":20816,"comment_status":"closed","ping_status":"open","sticky":false,"template":"","format":"standard","meta":{"inline_featured_image":false,"_uag_custom_page_level_css":"","site-sidebar-layout":"default","site-content-layout":"default","ast-site-content-layout":"default","site-content-style":"default","site-sidebar-style":"default","ast-global-header-display":"","ast-banner-title-visibility":"","ast-main-header-display":"","ast-hfb-above-header-display":"","ast-hfb-below-header-display":"","ast-hfb-mobile-header-display":"","site-post-title":"","ast-breadcrumbs-content":"","ast-featured-img":"","footer-sml-layout":"","ast-disable-related-posts":"","theme-transparent-header-meta":"default","adv-header-id-meta":"","stick-header-meta":"default","header-above-stick-meta":"","header-main-stick-meta":"","header-below-stick-meta":"","astra-migrate-meta-layouts":"default","ast-page-background-enabled":"default","ast-page-background-meta":{"desktop":{"background-color":"var(--ast-global-color-4)","background-image":"","background-repeat":"repeat","background-position":"center center","background-size":"auto","background-attachment":"scroll","background-type":"","background-media":"","overlay-type":"","overlay-color":"","overlay-opacity":"","overlay-gradient":""},"tablet":{"background-color":"","background-image":"","background-repeat":"repeat","background-position":"center center","background-size":"auto","background-attachment":"scroll","background-type":"","background-media":"","overlay-type":"","overlay-color":"","overlay-opacity":"","overlay-gradient":""},"mobile":{"background-color":"","background-image":"","background-repeat":"repeat","background-position":"center center","background-size":"auto","background-attachment":"scroll","background-type":"","background-media":"","overlay-type":"","overlay-color":"","overlay-opacity":"","overlay-gradient":""}},"ast-content-background-meta":{"desktop":{"background-color":"var(--ast-global-color-5)","background-image":"","background-repeat":"repeat","background-position":"center center","background-size":"auto","background-attachment":"scroll","background-type":"","background-media":"","overlay-type":"","overlay-color":"","overlay-opacity":"","overlay-gradient":""},"tablet":{"background-color":"var(--ast-global-color-5)","background-image":"","background-repeat":"repeat","background-position":"center center","background-size":"auto","background-attachment":"scroll","background-type":"","background-media":"","overlay-type":"","overlay-color":"","overlay-opacity":"","overlay-gradient":""},"mobile":{"background-color":"var(--ast-global-color-5)","background-image":"","background-repeat":"repeat","background-position":"center center","background-size":"auto","background-attachment":"scroll","background-type":"","background-media":"","overlay-type":"","overlay-color":"","overlay-opacity":"","overlay-gradient":""}},"footnotes":""},"categories":[9],"tags":[19,78,18,20],"class_list":["post-20779","post","type-post","status-publish","format-standard","has-post-thumbnail","hentry","category-foto-und-mehr","tag-fotobuch","tag-fotografieren","tag-fotoprodukte","tag-tipps"],"yoast_head":"<!-- This site is optimized with the Yoast SEO Premium plugin v28.4 (Yoast SEO v28.4) - https:\/\/yoast.com\/product\/yoast-seo-premium-wordpress\/ -->\n<title>8 Tipps vom Profi f\u00fcr bessere Fotob\u00fccher &#8902; fotokasten.de Blog<\/title>\n<meta name=\"description\" content=\"Ideen f\u00fcr Dein Fotobuch! Zum Welttag des Designs gibt&#039;s die besten Tipps wie Du dein Fotobuch am besten gestaltest. Von der Farbwahl bis zur Kapitelaufteilung ist alles dabei f\u00fcr ein schickes Design.\" \/>\n<meta name=\"robots\" content=\"index, follow, max-snippet:-1, max-image-preview:large, max-video-preview:-1\" \/>\n<link rel=\"canonical\" href=\"https:\/\/www.fotokasten.de\/blog\/welttag-des-designs-8-tipps-vom-profi-fuer-bessere-fotobuecher\/\" \/>\n<meta property=\"og:locale\" content=\"de_DE\" \/>\n<meta property=\"og:type\" content=\"article\" \/>\n<meta property=\"og:title\" content=\"8 Tipps vom Profi f\u00fcr bessere Fotob\u00fccher\" \/>\n<meta property=\"og:description\" content=\"Ideen f\u00fcr Dein Fotobuch! Zum Welttag des Designs gibt&#039;s die besten Tipps wie Du dein Fotobuch am besten gestaltest. Von der Farbwahl bis zur Kapitelaufteilung ist alles dabei f\u00fcr ein schickes Design.\" \/>\n<meta property=\"og:url\" content=\"https:\/\/www.fotokasten.de\/blog\/welttag-des-designs-8-tipps-vom-profi-fuer-bessere-fotobuecher\/\" \/>\n<meta property=\"og:site_name\" content=\"fotokasten.de Blog\" \/>\n<meta property=\"article:publisher\" content=\"https:\/\/www.facebook.com\/fotokasten.de\/\" \/>\n<meta property=\"article:published_time\" content=\"2018-02-20T13:20:04+00:00\" \/>\n<meta property=\"article:modified_time\" content=\"2023-05-10T11:44:18+00:00\" \/>\n<meta property=\"og:image\" content=\"https:\/\/www.fotokasten.de\/blog\/wp-content\/uploads\/sites\/3\/2016\/04\/Titel_Designideen-fotobuch.jpg\" \/>\n\t<meta property=\"og:image:width\" content=\"1024\" \/>\n\t<meta property=\"og:image:height\" content=\"759\" \/>\n\t<meta property=\"og:image:type\" content=\"image\/jpeg\" \/>\n<meta name=\"author\" content=\"Fotokasten Redaktion\" \/>\n<meta name=\"twitter:card\" content=\"summary_large_image\" \/>\n<meta name=\"twitter:label1\" content=\"Verfasst von\" \/>\n\t<meta name=\"twitter:data1\" content=\"Fotokasten Redaktion\" \/>\n\t<meta name=\"twitter:label2\" content=\"Gesch\u00e4tzte Lesezeit\" \/>\n\t<meta name=\"twitter:data2\" content=\"5\u00a0Minuten\" \/>\n<script type=\"application\/ld+json\" class=\"yoast-schema-graph\">{\"@context\":\"https:\\\/\\\/schema.org\",\"@graph\":[{\"@type\":\"Article\",\"@id\":\"https:\\\/\\\/www.fotokasten.de\\\/blog\\\/welttag-des-designs-8-tipps-vom-profi-fuer-bessere-fotobuecher\\\/#article\",\"isPartOf\":{\"@id\":\"https:\\\/\\\/www.fotokasten.de\\\/blog\\\/welttag-des-designs-8-tipps-vom-profi-fuer-bessere-fotobuecher\\\/\"},\"author\":{\"name\":\"Fotokasten Redaktion\",\"@id\":\"https:\\\/\\\/www.fotokasten.de\\\/blog\\\/#\\\/schema\\\/person\\\/03ba4704d1d6e614462916808b1a7457\"},\"headline\":\"8 Tipps vom Profi f\u00fcr bessere Fotob\u00fccher\",\"datePublished\":\"2018-02-20T13:20:04+00:00\",\"dateModified\":\"2023-05-10T11:44:18+00:00\",\"mainEntityOfPage\":{\"@id\":\"https:\\\/\\\/www.fotokasten.de\\\/blog\\\/welttag-des-designs-8-tipps-vom-profi-fuer-bessere-fotobuecher\\\/\"},\"wordCount\":550,\"publisher\":{\"@id\":\"https:\\\/\\\/www.fotokasten.de\\\/blog\\\/#organization\"},\"image\":{\"@id\":\"https:\\\/\\\/www.fotokasten.de\\\/blog\\\/welttag-des-designs-8-tipps-vom-profi-fuer-bessere-fotobuecher\\\/#primaryimage\"},\"thumbnailUrl\":\"https:\\\/\\\/www.fotokasten.de\\\/blog\\\/wp-content\\\/uploads\\\/sites\\\/3\\\/2016\\\/04\\\/Titel_Designideen-fotobuch.jpg\",\"keywords\":[\"Fotobuch\",\"Fotografieren\",\"Fotoprodukte\",\"Tipps &amp; Tricks\"],\"articleSection\":[\"Foto &amp; mehr\"],\"inLanguage\":\"de\"},{\"@type\":\"WebPage\",\"@id\":\"https:\\\/\\\/www.fotokasten.de\\\/blog\\\/welttag-des-designs-8-tipps-vom-profi-fuer-bessere-fotobuecher\\\/\",\"url\":\"https:\\\/\\\/www.fotokasten.de\\\/blog\\\/welttag-des-designs-8-tipps-vom-profi-fuer-bessere-fotobuecher\\\/\",\"name\":\"8 Tipps vom Profi f\u00fcr bessere Fotob\u00fccher &#8902; fotokasten.de Blog\",\"isPartOf\":{\"@id\":\"https:\\\/\\\/www.fotokasten.de\\\/blog\\\/#website\"},\"primaryImageOfPage\":{\"@id\":\"https:\\\/\\\/www.fotokasten.de\\\/blog\\\/welttag-des-designs-8-tipps-vom-profi-fuer-bessere-fotobuecher\\\/#primaryimage\"},\"image\":{\"@id\":\"https:\\\/\\\/www.fotokasten.de\\\/blog\\\/welttag-des-designs-8-tipps-vom-profi-fuer-bessere-fotobuecher\\\/#primaryimage\"},\"thumbnailUrl\":\"https:\\\/\\\/www.fotokasten.de\\\/blog\\\/wp-content\\\/uploads\\\/sites\\\/3\\\/2016\\\/04\\\/Titel_Designideen-fotobuch.jpg\",\"datePublished\":\"2018-02-20T13:20:04+00:00\",\"dateModified\":\"2023-05-10T11:44:18+00:00\",\"description\":\"Ideen f\u00fcr Dein Fotobuch! Zum Welttag des Designs gibt's die besten Tipps wie Du dein Fotobuch am besten gestaltest. Von der Farbwahl bis zur Kapitelaufteilung ist alles dabei f\u00fcr ein schickes Design.\",\"breadcrumb\":{\"@id\":\"https:\\\/\\\/www.fotokasten.de\\\/blog\\\/welttag-des-designs-8-tipps-vom-profi-fuer-bessere-fotobuecher\\\/#breadcrumb\"},\"inLanguage\":\"de\",\"potentialAction\":[{\"@type\":\"ReadAction\",\"target\":[\"https:\\\/\\\/www.fotokasten.de\\\/blog\\\/welttag-des-designs-8-tipps-vom-profi-fuer-bessere-fotobuecher\\\/\"]}]},{\"@type\":\"ImageObject\",\"inLanguage\":\"de\",\"@id\":\"https:\\\/\\\/www.fotokasten.de\\\/blog\\\/welttag-des-designs-8-tipps-vom-profi-fuer-bessere-fotobuecher\\\/#primaryimage\",\"url\":\"https:\\\/\\\/www.fotokasten.de\\\/blog\\\/wp-content\\\/uploads\\\/sites\\\/3\\\/2016\\\/04\\\/Titel_Designideen-fotobuch.jpg\",\"contentUrl\":\"https:\\\/\\\/www.fotokasten.de\\\/blog\\\/wp-content\\\/uploads\\\/sites\\\/3\\\/2016\\\/04\\\/Titel_Designideen-fotobuch.jpg\",\"width\":1024,\"height\":759,\"caption\":\"Fotobuch Ideen\"},{\"@type\":\"BreadcrumbList\",\"@id\":\"https:\\\/\\\/www.fotokasten.de\\\/blog\\\/welttag-des-designs-8-tipps-vom-profi-fuer-bessere-fotobuecher\\\/#breadcrumb\",\"itemListElement\":[{\"@type\":\"ListItem\",\"position\":1,\"name\":\"Startseite\",\"item\":\"https:\\\/\\\/www.fotokasten.de\\\/blog\\\/\"},{\"@type\":\"ListItem\",\"position\":2,\"name\":\"8 Tipps vom Profi f\u00fcr bessere Fotob\u00fccher\"}]},{\"@type\":\"WebSite\",\"@id\":\"https:\\\/\\\/www.fotokasten.de\\\/blog\\\/#website\",\"url\":\"https:\\\/\\\/www.fotokasten.de\\\/blog\\\/\",\"name\":\"Mach was Sch\u00f6nes\",\"description\":\"\",\"publisher\":{\"@id\":\"https:\\\/\\\/www.fotokasten.de\\\/blog\\\/#organization\"},\"alternateName\":\"Das Magazin von fotokasten\",\"potentialAction\":[{\"@type\":\"SearchAction\",\"target\":{\"@type\":\"EntryPoint\",\"urlTemplate\":\"https:\\\/\\\/www.fotokasten.de\\\/blog\\\/?s={search_term_string}\"},\"query-input\":{\"@type\":\"PropertyValueSpecification\",\"valueRequired\":true,\"valueName\":\"search_term_string\"}}],\"inLanguage\":\"de\"},{\"@type\":\"Organization\",\"@id\":\"https:\\\/\\\/www.fotokasten.de\\\/blog\\\/#organization\",\"name\":\"fotokasten GmbH\",\"alternateName\":\"fotokasten\",\"url\":\"https:\\\/\\\/www.fotokasten.de\\\/blog\\\/\",\"logo\":{\"@type\":\"ImageObject\",\"inLanguage\":\"de\",\"@id\":\"https:\\\/\\\/www.fotokasten.de\\\/blog\\\/#\\\/schema\\\/logo\\\/image\\\/\",\"url\":\"https:\\\/\\\/www.fotokasten.de\\\/blog\\\/wp-content\\\/uploads\\\/sites\\\/3\\\/2023\\\/03\\\/fotokasten-logo-square.png\",\"contentUrl\":\"https:\\\/\\\/www.fotokasten.de\\\/blog\\\/wp-content\\\/uploads\\\/sites\\\/3\\\/2023\\\/03\\\/fotokasten-logo-square.png\",\"width\":600,\"height\":600,\"caption\":\"fotokasten GmbH\"},\"image\":{\"@id\":\"https:\\\/\\\/www.fotokasten.de\\\/blog\\\/#\\\/schema\\\/logo\\\/image\\\/\"},\"sameAs\":[\"https:\\\/\\\/www.facebook.com\\\/fotokasten.de\\\/\"]},{\"@type\":\"Person\",\"@id\":\"https:\\\/\\\/www.fotokasten.de\\\/blog\\\/#\\\/schema\\\/person\\\/03ba4704d1d6e614462916808b1a7457\",\"name\":\"Fotokasten Redaktion\"}]}<\/script>\n<!-- \/ Yoast SEO Premium plugin. -->","yoast_head_json":{"title":"8 Tipps vom Profi f\u00fcr bessere Fotob\u00fccher &#8902; fotokasten.de Blog","description":"Ideen f\u00fcr Dein Fotobuch! Zum Welttag des Designs gibt's die besten Tipps wie Du dein Fotobuch am besten gestaltest. Von der Farbwahl bis zur Kapitelaufteilung ist alles dabei f\u00fcr ein schickes Design.","robots":{"index":"index","follow":"follow","max-snippet":"max-snippet:-1","max-image-preview":"max-image-preview:large","max-video-preview":"max-video-preview:-1"},"canonical":"https:\/\/www.fotokasten.de\/blog\/welttag-des-designs-8-tipps-vom-profi-fuer-bessere-fotobuecher\/","og_locale":"de_DE","og_type":"article","og_title":"8 Tipps vom Profi f\u00fcr bessere Fotob\u00fccher","og_description":"Ideen f\u00fcr Dein Fotobuch! Zum Welttag des Designs gibt's die besten Tipps wie Du dein Fotobuch am besten gestaltest. Von der Farbwahl bis zur Kapitelaufteilung ist alles dabei f\u00fcr ein schickes Design.","og_url":"https:\/\/www.fotokasten.de\/blog\/welttag-des-designs-8-tipps-vom-profi-fuer-bessere-fotobuecher\/","og_site_name":"fotokasten.de Blog","article_publisher":"https:\/\/www.facebook.com\/fotokasten.de\/","article_published_time":"2018-02-20T13:20:04+00:00","article_modified_time":"2023-05-10T11:44:18+00:00","og_image":[{"width":1024,"height":759,"url":"https:\/\/www.fotokasten.de\/blog\/wp-content\/uploads\/sites\/3\/2016\/04\/Titel_Designideen-fotobuch.jpg","type":"image\/jpeg"}],"author":"Fotokasten Redaktion","twitter_card":"summary_large_image","twitter_misc":{"Verfasst von":"Fotokasten Redaktion","Gesch\u00e4tzte Lesezeit":"5\u00a0Minuten"},"schema":{"@context":"https:\/\/schema.org","@graph":[{"@type":"Article","@id":"https:\/\/www.fotokasten.de\/blog\/welttag-des-designs-8-tipps-vom-profi-fuer-bessere-fotobuecher\/#article","isPartOf":{"@id":"https:\/\/www.fotokasten.de\/blog\/welttag-des-designs-8-tipps-vom-profi-fuer-bessere-fotobuecher\/"},"author":{"name":"Fotokasten Redaktion","@id":"https:\/\/www.fotokasten.de\/blog\/#\/schema\/person\/03ba4704d1d6e614462916808b1a7457"},"headline":"8 Tipps vom Profi f\u00fcr bessere Fotob\u00fccher","datePublished":"2018-02-20T13:20:04+00:00","dateModified":"2023-05-10T11:44:18+00:00","mainEntityOfPage":{"@id":"https:\/\/www.fotokasten.de\/blog\/welttag-des-designs-8-tipps-vom-profi-fuer-bessere-fotobuecher\/"},"wordCount":550,"publisher":{"@id":"https:\/\/www.fotokasten.de\/blog\/#organization"},"image":{"@id":"https:\/\/www.fotokasten.de\/blog\/welttag-des-designs-8-tipps-vom-profi-fuer-bessere-fotobuecher\/#primaryimage"},"thumbnailUrl":"https:\/\/www.fotokasten.de\/blog\/wp-content\/uploads\/sites\/3\/2016\/04\/Titel_Designideen-fotobuch.jpg","keywords":["Fotobuch","Fotografieren","Fotoprodukte","Tipps &amp; Tricks"],"articleSection":["Foto &amp; mehr"],"inLanguage":"de"},{"@type":"WebPage","@id":"https:\/\/www.fotokasten.de\/blog\/welttag-des-designs-8-tipps-vom-profi-fuer-bessere-fotobuecher\/","url":"https:\/\/www.fotokasten.de\/blog\/welttag-des-designs-8-tipps-vom-profi-fuer-bessere-fotobuecher\/","name":"8 Tipps vom Profi f\u00fcr bessere Fotob\u00fccher &#8902; fotokasten.de Blog","isPartOf":{"@id":"https:\/\/www.fotokasten.de\/blog\/#website"},"primaryImageOfPage":{"@id":"https:\/\/www.fotokasten.de\/blog\/welttag-des-designs-8-tipps-vom-profi-fuer-bessere-fotobuecher\/#primaryimage"},"image":{"@id":"https:\/\/www.fotokasten.de\/blog\/welttag-des-designs-8-tipps-vom-profi-fuer-bessere-fotobuecher\/#primaryimage"},"thumbnailUrl":"https:\/\/www.fotokasten.de\/blog\/wp-content\/uploads\/sites\/3\/2016\/04\/Titel_Designideen-fotobuch.jpg","datePublished":"2018-02-20T13:20:04+00:00","dateModified":"2023-05-10T11:44:18+00:00","description":"Ideen f\u00fcr Dein Fotobuch! Zum Welttag des Designs gibt's die besten Tipps wie Du dein Fotobuch am besten gestaltest. Von der Farbwahl bis zur Kapitelaufteilung ist alles dabei f\u00fcr ein schickes Design.","breadcrumb":{"@id":"https:\/\/www.fotokasten.de\/blog\/welttag-des-designs-8-tipps-vom-profi-fuer-bessere-fotobuecher\/#breadcrumb"},"inLanguage":"de","potentialAction":[{"@type":"ReadAction","target":["https:\/\/www.fotokasten.de\/blog\/welttag-des-designs-8-tipps-vom-profi-fuer-bessere-fotobuecher\/"]}]},{"@type":"ImageObject","inLanguage":"de","@id":"https:\/\/www.fotokasten.de\/blog\/welttag-des-designs-8-tipps-vom-profi-fuer-bessere-fotobuecher\/#primaryimage","url":"https:\/\/www.fotokasten.de\/blog\/wp-content\/uploads\/sites\/3\/2016\/04\/Titel_Designideen-fotobuch.jpg","contentUrl":"https:\/\/www.fotokasten.de\/blog\/wp-content\/uploads\/sites\/3\/2016\/04\/Titel_Designideen-fotobuch.jpg","width":1024,"height":759,"caption":"Fotobuch Ideen"},{"@type":"BreadcrumbList","@id":"https:\/\/www.fotokasten.de\/blog\/welttag-des-designs-8-tipps-vom-profi-fuer-bessere-fotobuecher\/#breadcrumb","itemListElement":[{"@type":"ListItem","position":1,"name":"Startseite","item":"https:\/\/www.fotokasten.de\/blog\/"},{"@type":"ListItem","position":2,"name":"8 Tipps vom Profi f\u00fcr bessere Fotob\u00fccher"}]},{"@type":"WebSite","@id":"https:\/\/www.fotokasten.de\/blog\/#website","url":"https:\/\/www.fotokasten.de\/blog\/","name":"Mach was Sch\u00f6nes","description":"","publisher":{"@id":"https:\/\/www.fotokasten.de\/blog\/#organization"},"alternateName":"Das Magazin von fotokasten","potentialAction":[{"@type":"SearchAction","target":{"@type":"EntryPoint","urlTemplate":"https:\/\/www.fotokasten.de\/blog\/?s={search_term_string}"},"query-input":{"@type":"PropertyValueSpecification","valueRequired":true,"valueName":"search_term_string"}}],"inLanguage":"de"},{"@type":"Organization","@id":"https:\/\/www.fotokasten.de\/blog\/#organization","name":"fotokasten GmbH","alternateName":"fotokasten","url":"https:\/\/www.fotokasten.de\/blog\/","logo":{"@type":"ImageObject","inLanguage":"de","@id":"https:\/\/www.fotokasten.de\/blog\/#\/schema\/logo\/image\/","url":"https:\/\/www.fotokasten.de\/blog\/wp-content\/uploads\/sites\/3\/2023\/03\/fotokasten-logo-square.png","contentUrl":"https:\/\/www.fotokasten.de\/blog\/wp-content\/uploads\/sites\/3\/2023\/03\/fotokasten-logo-square.png","width":600,"height":600,"caption":"fotokasten GmbH"},"image":{"@id":"https:\/\/www.fotokasten.de\/blog\/#\/schema\/logo\/image\/"},"sameAs":["https:\/\/www.facebook.com\/fotokasten.de\/"]},{"@type":"Person","@id":"https:\/\/www.fotokasten.de\/blog\/#\/schema\/person\/03ba4704d1d6e614462916808b1a7457","name":"Fotokasten Redaktion"}]}},"uagb_featured_image_src":{"full":["https:\/\/www.fotokasten.de\/blog\/wp-content\/uploads\/sites\/3\/2016\/04\/Titel_Designideen-fotobuch.jpg",1024,759,false],"thumbnail":["https:\/\/www.fotokasten.de\/blog\/wp-content\/uploads\/sites\/3\/2016\/04\/Titel_Designideen-fotobuch-150x150.jpg",150,150,true],"medium":["https:\/\/www.fotokasten.de\/blog\/wp-content\/uploads\/sites\/3\/2016\/04\/Titel_Designideen-fotobuch-300x222.jpg",300,222,true],"medium_large":["https:\/\/www.fotokasten.de\/blog\/wp-content\/uploads\/sites\/3\/2016\/04\/Titel_Designideen-fotobuch-768x569.jpg",768,569,true],"large":["https:\/\/www.fotokasten.de\/blog\/wp-content\/uploads\/sites\/3\/2016\/04\/Titel_Designideen-fotobuch.jpg",1024,759,false],"1536x1536":["https:\/\/www.fotokasten.de\/blog\/wp-content\/uploads\/sites\/3\/2016\/04\/Titel_Designideen-fotobuch.jpg",1024,759,false],"2048x2048":["https:\/\/www.fotokasten.de\/blog\/wp-content\/uploads\/sites\/3\/2016\/04\/Titel_Designideen-fotobuch.jpg",1024,759,false]},"uagb_author_info":{"display_name":"Fotokasten Redaktion","author_link":"https:\/\/www.fotokasten.de\/blog\/author\/fotokasten\/"},"uagb_comment_info":0,"uagb_excerpt":"Das richtige Design macht unser Leben sch\u00f6ner! Ohne die gro\u00dfartigen Designs, die unsere M\u00f6bel, Zeitschriften oder Kleidung versch\u00f6nern, w\u00e4re unsere Welt weniger bunt und in vielen Situationen einfach nur langweilig. Doch wer steckt hinter all den Formkompositionen und Farbenspielen? Heute meldet sich unsere Grafikdesignerin Caro zu Wort und verr\u00e4t Dir, wie Du dein Fotobuch noch&hellip;","_links":{"self":[{"href":"https:\/\/www.fotokasten.de\/blog\/wp-json\/wp\/v2\/posts\/20779","targetHints":{"allow":["GET"]}}],"collection":[{"href":"https:\/\/www.fotokasten.de\/blog\/wp-json\/wp\/v2\/posts"}],"about":[{"href":"https:\/\/www.fotokasten.de\/blog\/wp-json\/wp\/v2\/types\/post"}],"author":[{"embeddable":true,"href":"https:\/\/www.fotokasten.de\/blog\/wp-json\/wp\/v2\/users\/2"}],"replies":[{"embeddable":true,"href":"https:\/\/www.fotokasten.de\/blog\/wp-json\/wp\/v2\/comments?post=20779"}],"version-history":[{"count":1,"href":"https:\/\/www.fotokasten.de\/blog\/wp-json\/wp\/v2\/posts\/20779\/revisions"}],"predecessor-version":[{"id":28462,"href":"https:\/\/www.fotokasten.de\/blog\/wp-json\/wp\/v2\/posts\/20779\/revisions\/28462"}],"wp:featuredmedia":[{"embeddable":true,"href":"https:\/\/www.fotokasten.de\/blog\/wp-json\/wp\/v2\/media\/20816"}],"wp:attachment":[{"href":"https:\/\/www.fotokasten.de\/blog\/wp-json\/wp\/v2\/media?parent=20779"}],"wp:term":[{"taxonomy":"category","embeddable":true,"href":"https:\/\/www.fotokasten.de\/blog\/wp-json\/wp\/v2\/categories?post=20779"},{"taxonomy":"post_tag","embeddable":true,"href":"https:\/\/www.fotokasten.de\/blog\/wp-json\/wp\/v2\/tags?post=20779"}],"curies":[{"name":"wp","href":"https:\/\/api.w.org\/{rel}","templated":true}]}}